{"id":893,"date":"2020-08-15T15:25:24","date_gmt":"2020-08-15T13:25:24","guid":{"rendered":"http:\/\/nkpj.org.rs\/%C4%87ir\/?p=893"},"modified":"2020-08-15T15:25:27","modified_gmt":"2020-08-15T13:25:27","slug":"eng-fr-interview-with-the-general-secretary-of-the-new-communist-party-of-yugoslavia-aleksandar-banjanac","status":"publish","type":"post","link":"https:\/\/nkpj.org.rs\/%C4%87ir\/index.php\/2020\/08\/15\/eng-fr-interview-with-the-general-secretary-of-the-new-communist-party-of-yugoslavia-aleksandar-banjanac\/","title":{"rendered":"(ENG\/FR) Interview with the General Secretary of the New Communist Party of Yugoslavia, Aleksandar Banjanac"},"content":{"rendered":"\n<p><strong><em>Interview with<\/em>&nbsp;the&nbsp;<em>General Secretary of the New Communist Party of Yugoslavia,&nbsp;Aleksandar Banjanac, Belgrade, Republic of Serbia<\/em><\/strong><\/p>\n\n\n\n<p><strong><em>By Alba Granada North Africa Coordination<\/em><\/strong><\/p>\n\n\n\n<p>Belgrade, 24\/07\/2020 , Alba Granada North Africa Coordination , met the General Secretary of&nbsp;<strong>the New Communist party of Yugoslavia in Belgrade<\/strong>&nbsp;for an interview about Serbian society and the role of the working class in this time of&nbsp; deep capitalist crisis.<\/p>\n\n\n\n<p>As a reminder the&nbsp;<strong>New Communist Party of Yugoslavia<\/strong>&nbsp;(Nova Komunisti\u010dka Partija Jugoslavije) and the&nbsp;<strong>League of Communist Youth of Yugoslavia<\/strong>&nbsp;(Savez Komunisti\u010dke Omladine Jugoslavije) have recently had their electoral list invalidated by the electoral commission for the legislative elections of June 21 . President Aleksandar Vucic saw his party \u2013 the center-right SNS \u2013 win the legislative elections in this context of&nbsp;<strong>democratic muzzling<\/strong>.<\/p>\n\n\n\n<p><strong>1) How has the disintegration of Yugoslavia and NATO aggression affected the lives of Serbs?<\/strong><\/p>\n\n\n\n<p>In order to answer your question, it is necessary to first point out&nbsp;<strong>two of our important statements, or conclusions.&nbsp;<\/strong><\/p>\n\n\n\n<p>Firstly, Yugoslavia did not disintegrated on its own, it was violently&nbsp;<strong>dismantled for the sake of the interests of Western imperialism, big capital and monopolies<\/strong>&nbsp;who saw their important geostrategic goals and interests in our region, which are still of course very important to them. In addition to all that, they had the support of the&nbsp;<strong>domestic fifth column in Yugoslavia<\/strong>, but the external factor was dominant.&nbsp;&nbsp;&nbsp;<\/p>\n\n\n\n<p>Secondly, our position is that&nbsp;<strong>NATO is the striking fist of Western imperialism<\/strong>,&nbsp;<strong>NATO is a monstrous aggressive<\/strong>&nbsp;military alliance that provokes wars, conflicts and unrest around the world.&nbsp;<\/p>\n\n\n\n<p>The Serbs directly opposed the interests of Western imperialism and NATO, and no doubt suffered great damage and were victims of it. Starting with the fact that&nbsp;<strong>the largest number of displaced persons from their homes from the territory of Yugoslavia were among the Serbian people,<\/strong>&nbsp;that&nbsp;<strong>NATO bombed us with weapons prohibited by international conventions<\/strong>&nbsp;and thus committed a serious war crime for which&nbsp;<strong>no one has been accused and trialed yet, with depleted uranium, from which tens of thousands of people die every year in Serbia.<\/strong>&nbsp;&nbsp;<\/p>\n\n\n\n<p>Undoubtedly, however, all the peoples of the former Yugoslavia, all of them without any exception, have been and are victims of Western imperialism and the violent dismantling of Yugoslavia. Political and economic dependence and conditioning<strong>&nbsp;are crystal clear everywhere in Yugoslavia, we have become easy prey for sharks that have entered our waters<\/strong>. &nbsp;<\/p>\n\n\n\n<p><strong>2) What have been the biggest losses for the working classes of Serbia?<\/strong><\/p>\n\n\n\n<p>The dramatic collapse of the economy, almost completely destroyed industry, is estimated at up to 90% compared to the industry we had in the late 80\u2019s.&nbsp;<\/p>\n\n\n\n<p>Then there is the&nbsp;<strong>disorganization and weakened workers\u2019 class-oriented movement, the betrayal of the union leaders of the big unions,<\/strong>&nbsp;which are the agencies of the ruling class and the ruling parties.&nbsp;<\/p>\n\n\n\n<p><strong>The working class in Serbia has largely lost its self-confidence, the belief that it can only fight for its own interests and goals on its own.<\/strong>&nbsp;That is why there is a lot of demagoguery in Serbia today, which deceives people and creates illusions. One of our main tasks is to fight against these illusions, for the new self-confidence of the people who live from their own work. &nbsp;<\/p>\n\n\n\n<p><strong>3) How do you see the reunification of Yugoslavia?<\/strong><\/p>\n\n\n\n<p><strong>The re-establishing of Yugoslavia is one of our long-term goals<\/strong>. That is one of the reasons why Yugoslavia is a national determinant in the name of our party.&nbsp;<\/p>\n\n\n\n<p>Also, the affirmative pro-Yugoslav attitude has a very positive anti-nationalist and even anti-fascist meaning. &nbsp;<\/p>\n\n\n\n<p><strong>Yugoslavia was the historical aspiration of the South Slavic and other Balkan peoples, it received its full affirmation in socialism.&nbsp;<\/strong><\/p>\n\n\n\n<p><strong>Yugoslavia should be reconstructed on the principles of equality and voluntary consent of its inhabitants,<\/strong>&nbsp;in order to mutual cooperation and equality of all its citizens, as well as commitment to the socialist path of its development, in which these principles are only possible.&nbsp;<\/p>\n\n\n\n<p><strong>4) What does the EU mean for Serbs, and for the working class in particular?<\/strong><\/p>\n\n\n\n<p>The EU is an imperialist power in the service of the interests of monopolies and big capital, and it is quite logical that the EU is the enemy of democracy, freedom and the right of peoples to decide their own destiny. It is shaped by the EU bureaucracy with the goal of making the rich even richer and the poor even poorer.&nbsp;<strong>The facts in support of our claim lie on the example of numerous failed referendums, disregard for the will of the majority population and their interests all over Europe.<\/strong>&nbsp;The EU clearly demonstrated this on the example of \u201cBrexit\u201d as well, when it tried in every way to defy the will of the majority people in Britain by postponing \u201cBrexit\u201d and calling for a new referendum. And Britain is still a great power, both in Europe and in the world, so we can only imagine what the relationship would be like if a similar decision was made by a smaller and less influential country from the EU.&nbsp;<\/p>\n\n\n\n<p><strong><u>It is important to say that the EU has an extremely hostile attitude towards Serbia.<\/u><\/strong>&nbsp;EU also took an active part in the disintegration of our socialist homeland of Yugoslavia, in the&nbsp;<strong>violent seizure of Kosovo<\/strong>, and in the imposition of the so-called negotiations, ie. recognition of Kosovo\u2019s independence by Serbia. &nbsp;<\/p>\n\n\n\n<p><strong>Serbia is already largely dependent on the EU, monopolies from the EU have mostly taken over our economy and reduced it to a miserable status<\/strong>. The goal of liberation from the dependence of these monopolies is inalienable from the goal of deviation from Serbia\u2019s integration into the EU.&nbsp;<\/p>\n\n\n\n<p><strong>We are for the cooperation and unity of European nations and states, but not for the imperialist interests that the EU represents, defends and implements.&nbsp;<\/strong><\/p>\n\n\n\n<p><strong>5) How does the Coronavirus crisis affect Serbian society and its economy?<\/strong><\/p>\n\n\n\n<p>The coronavirus epidemic has deeply affected the society and economy of Serbia.&nbsp;<strong>It showed all the injustices and gloomy situation in which our society finds itself today.&nbsp;<\/strong><\/p>\n\n\n\n<p>If there was no&nbsp;<strong>help from China<\/strong>&nbsp;at the start of the epidemic, the results would be catastrophic.&nbsp;<strong>This is because the health system in Serbia has been completely devastated in the last 20-30 years.<\/strong>&nbsp;Our health care system cannot cope with much smaller challenges. The reason for that is the privatization of the health care system, non-investment in it and the outflow of cadres (doctors, nurses\u2026). It is a real luck that we do not have many more deaths, at this moment, a total of about over&nbsp;<strong>500 people<\/strong>&nbsp;have died from coronavirus in Serbia.&nbsp;<\/p>\n\n\n\n<p>Although Serbia is fully integrated into the modern global market economy and is directly dependent on the flows of that economy, the situation in this field is quite bad, as in most of the world, a large number of people have already lost their jobs in many sectors,&nbsp;<strong>but a real disaster follows from autumn.&nbsp;<\/strong><\/p>\n\n\n\n<p><strong>6) How to qualify the government\u2019s action in the face of this crisis?<\/strong><\/p>\n\n\n\n<p>The attitude of the government was mostly<strong>&nbsp;catastrophic<\/strong>, primarily towards the working people, towards the working class. Authorities did not suspend the work of certain companies when the epidemic was at its peak and when everything else was stopped or locked down. In order to flatter bourgeois employers, they did nothing but protect the workers. In that way, the bourgeois government showed that it is the service of big capital that is helping them and provided them with high profit rates by exploiting workers, and at the same time the health of workers in private companies who had a work obligation to come to work was endangered in the conditions of the spread of the coronavirus epidemic. There were cases when people became infected in their companies, but even then, production did not stop. Moreover, in parallel to that, the authorities arrested workers who rebelled and protested in some companies. &nbsp;<\/p>\n\n\n\n<p>Another of the many mistakes of the authorities in the fight to curb the coronavirus is that it did not order private employers not to lay off workers,&nbsp;<strong>so thousands of them lost their jobs and opportunities to provide for their families during the crisis in which the whole world found itself.<\/strong>&nbsp;The mechanisms that the government has at its disposal for that are numerous, but there is no political will for that. &nbsp;<\/p>\n\n\n\n<p>The profit of private employers should not be more important than the health and existence of people who live from their work and no excuses can be made on that.&nbsp;<\/p>\n\n\n\n<p><strong>7) Why Serbs allow the historical revisionism denying the Communist past of their history? (Tito\u2019s monuments, Communist party of Yugoslavia, Partisans resistance\u2026..)&nbsp;<\/strong><\/p>\n\n\n\n<p>Far from that the people in Serbia are allowing it, but this type of historical revisionism is gradually,&nbsp;<strong>step by step, implemented in our country since the restoration of capitalism.<\/strong>&nbsp;Many monuments are still there, but the obvious fundamental revision of history is in a progress.&nbsp;<strong>This process is led by the ruling class with the aim of attacking people\u2019s consciousness<\/strong>, and we can say perhaps the mostly attacked are the young people who are the most vulnerable category in society.&nbsp;&nbsp;&nbsp;<\/p>\n\n\n\n<p>We contribute to the fight against that revisionism&nbsp;<strong>by raising our voice every time new attacks in that field take place in any form,<\/strong>&nbsp;but also by consistently marking and celebrating all important dates and important figures from our rich revolutionary and anti-fascist tradition under the slogan \u201c<strong>remembering means struggling<\/strong>\u201c.&nbsp;&nbsp;&nbsp;&nbsp;&nbsp;<\/p>\n\n\n\n<p><strong><em>Answered by General Secretary of the New Communist Party of Yugoslavia,&nbsp;<\/em><\/strong><\/p>\n\n\n\n<p><strong><em>Aleksandar Banjanac&nbsp;<\/em><\/strong><\/p>\n\n\n\n<figure class=\"wp-block-image\"><img decoding=\"async\" src=\"https:\/\/albagranadanorthafrica.files.wordpress.com\/2020\/07\/screenshot_20200725_170555.jpg\" alt=\"\"\/><\/figure>\n\n\n\n<p><strong>Version en Fran\u00e7ais<\/strong><\/p>\n\n\n\n<p><strong><em>Entretien avec le Secr\u00e9taire G\u00e9n\u00e9ral du Nouveau Parti communiste de Yougoslavie, Aleksandar Banjanac, Belgrade, R\u00e9publique de Serbie.<\/em><\/strong><\/p>\n\n\n\n<p><strong>R\u00e9alis\u00e9 par Alba Granada North Africa Coordination<\/strong><\/p>\n\n\n\n<p>Belgrade, 24\/07\/2020, Alba Granada North Africa Coordination , a rencontr\u00e9&nbsp;<strong>le Secr\u00e9taire G\u00e9n\u00e9ral du Nouveau parti communiste de Yougoslavie&nbsp;&nbsp;<\/strong>\u00e0 Belgrade pour un entretien sur une analyse de la soci\u00e9t\u00e9 serbe et le r\u00f4le de la classe ouvri\u00e8re en cette p\u00e9riode de profonde crise capitaliste.<\/p>\n\n\n\n<p>Pour rappel&nbsp; le&nbsp;<strong>Nouveau Parti Communiste de Yougoslavie<\/strong>&nbsp;(Nova Komunisti\u010dka Partija Jugoslavije) et la&nbsp;<strong>Ligue de la Jeunesse Communiste de Yougoslavie<\/strong>&nbsp;(Savez Komunisti\u010dke Omladine Jugoslavije) ont vu tout r\u00e9cemment , pour les \u00e9lections l\u00e9gislatives &nbsp;du 21 juin 2020&nbsp; leur liste \u00e9lectorale invalid\u00e9e par la commission \u00e9lectorale. Le pr\u00e9sident Aleksandar Vucic et &nbsp;son parti \u2013 le SNS &nbsp;de centre droite \u2013 ont remport\u00e9 les \u00e9lections l\u00e9gislatives dans ce contexte de&nbsp;<strong>muselage d\u00e9mocratique<\/strong>.<\/p>\n\n\n\n<p><strong>1) Comment la d\u00e9sint\u00e9gration de la Yougoslavie et l\u2019agression de l\u2019OTAN ont-elles affect\u00e9 la vie des Serbes?<\/strong><\/p>\n\n\n\n<p>Afin de r\u00e9pondre \u00e0 votre question, il est n\u00e9cessaire de souligner d\u2019abord deux de nos d\u00e9clarations ou conclusions importantes.<\/p>\n\n\n\n<p><strong>Premi\u00e8rement, la Yougoslavie ne s\u2019est pas d\u00e9sint\u00e9gr\u00e9e d\u2019elle-m\u00eame, elle a \u00e9t\u00e9 violemment d\u00e9mantel\u00e9e au nom des int\u00e9r\u00eats de l\u2019imp\u00e9rialisme occidental<\/strong>, du grand capital et des monopoles qui ont vu leurs importants objectifs et int\u00e9r\u00eats g\u00e9ostrat\u00e9giques dans notre r\u00e9gion, qui sont bien s\u00fbr toujours tr\u00e8s importants pour eux. En plus de tout cela, ils&nbsp;<strong>avaient le soutien de la cinqui\u00e8me colonne nationale en Yougoslavie, mais le facteur ext\u00e9rieur \u00e9tait dominant<\/strong>.<\/p>\n\n\n\n<p><strong>Deuxi\u00e8mement, notre position est que l\u2019OTAN est le fer de lance de l\u2019imp\u00e9rialisme occidental, l\u2019OTAN est une monstrueuse alliance militaire agressive<\/strong>&nbsp;qui provoque des guerres, des conflits et des troubles dans le monde entier.<\/p>\n\n\n\n<p>Les Serbes se sont directement oppos\u00e9s aux int\u00e9r\u00eats de l\u2019imp\u00e9rialisme occidental et de l\u2019OTAN et ont sans aucun doute subi de graves dommages et en ont \u00e9t\u00e9 victimes. \u00c0 commencer par le fait que le plus grand nombre de personnes d\u00e9plac\u00e9es de leurs foyers du territoire de la Yougoslavie faisaient partie du peuple serbe, que&nbsp;<strong>l\u2019OTAN nous a bombard\u00e9s avec des armes interdites par les conventions internationales<\/strong>&nbsp;et a donc commis un grave crime de guerre pour lequel personne n\u2019a \u00e9t\u00e9 accus\u00e9 et jug\u00e9&nbsp; encore, avec de&nbsp;<strong>l\u2019uranium appauvri<\/strong>, dont des dizaines de milliers de personnes meurent chaque ann\u00e9e en Serbie.<\/p>\n\n\n\n<p>Sans aucun doute, tous les peuples de l\u2019ex-Yougoslavie, tous sans aucune exception, ont \u00e9t\u00e9 et sont victimes de l\u2019imp\u00e9rialisme occidental et du d\u00e9mant\u00e8lement violent de la Yougoslavie. La d\u00e9pendance et les conditionnements politiques et \u00e9conomiques sont \u00e9vidents partout en Yougoslavie,<strong>&nbsp;nous sommes devenus des proies faciles pour les requins qui sont entr\u00e9s dans nos eaux.<\/strong><\/p>\n\n\n\n<p><strong>2) Quelles ont \u00e9t\u00e9 les pertes les plus importantes pour la classe ouvri\u00e8re de Serbie?<\/strong><\/p>\n\n\n\n<p>L\u2019effondrement dramatique de l\u2019\u00e9conomie, une industrie presque compl\u00e8tement d\u00e9truite, est estim\u00e9 \u00e0 90% par rapport \u00e0 l\u2019industrie que nous avions \u00e0 la fin des ann\u00e9es 80.<\/p>\n\n\n\n<p>Ensuite, il y a la&nbsp;<strong>d\u00e9sorganisation<\/strong>&nbsp;et le mouvement de classe ouvrier affaibli,&nbsp;<strong>la trahison<\/strong>&nbsp;des dirigeants syndicaux des grands syndicats, qui sont les agences de la classe dirigeante et des partis au pouvoir.<\/p>\n\n\n\n<p><strong>La classe ouvri\u00e8re<\/strong>&nbsp;en Serbie a en grande partie perdu&nbsp;<strong>la confiance en elle<\/strong>\u2013&nbsp;<strong>meme<\/strong>, et la conviction qu\u2019elle ne peut se battre que seule pour ses propres int\u00e9r\u00eats et objectifs. C\u2019est pourquoi il y a aujourd\u2019hui beaucoup de&nbsp;<strong>d\u00e9magogie<\/strong>&nbsp;en Serbie, qui trompe les gens et cr\u00e9e des illusions. Une de nos t\u00e2ches principales est de lutter contre ces illusions, pour une nouvelle confiance en soi, des personnes qui vivent de leur propre travail.<\/p>\n\n\n\n<p><strong>3) Comment voyez-vous la r\u00e9unification de la Yougoslavie?<\/strong><\/p>\n\n\n\n<p>Le r\u00e9tablissement de&nbsp;<strong>la Yougoslavie<\/strong>&nbsp;est l\u2019un de nos objectifs \u00e0 long terme. C\u2019est l\u2019une des raisons pour lesquelles la Yougoslavie est un d\u00e9terminant national au nom de notre parti.<\/p>\n\n\n\n<p>En outre, l\u2019attitude positive pro-yougoslave a une signification&nbsp;<strong>antinationaliste et m\u00eame antifasciste tr\u00e8s positive.<\/strong><\/p>\n\n\n\n<p><strong>La Yougoslavie \u00e9tait l\u2019aspiration historique des Slaves du Sud et des autres peuples des Balkans, elle a re\u00e7u sa pleine affirmation dans le socialisme.<\/strong><\/p>\n\n\n\n<p>La Yougoslavie doit \u00eatre reconstruite sur les principes de&nbsp;<strong>l\u2019\u00e9galit\u00e9<\/strong>&nbsp;et du consentement volontaire de ses habitants, &nbsp;la coop\u00e9ration mutuelle et de l\u2019\u00e9galit\u00e9 de tous ses citoyens, ainsi que&nbsp;<strong>l\u2019engagement dans la voie socialiste de son d\u00e9veloppement<\/strong>, ou seulement&nbsp; ces principes ne sont &nbsp;possibles.<\/p>\n\n\n\n<p><strong>4) Que signifie l\u2019UE pour les Serbes, et pour la classe ouvri\u00e8re en particulier?<\/strong><\/p>\n\n\n\n<p>L\u2019UE est une puissance imp\u00e9rialiste au service des int\u00e9r\u00eats des monopoles et du grand capital, et il est tout \u00e0 fait logique que l\u2019UE soit l\u2019ennemie de la d\u00e9mocratie, de la libert\u00e9 et du droit des peuples \u00e0 d\u00e9cider de leur propre destin. L\u2019UE est fa\u00e7onn\u00e9e par la bureaucratie &nbsp;dans le but de rendre les riches encore plus riches et les pauvres encore plus pauvres. Les faits \u00e0 l\u2019appui de notre affirmation reposent sur l\u2019exemple de nombreux r\u00e9f\u00e9rendums qui ont \u00e9chou\u00e9, du m\u00e9pris de la volont\u00e9 de la majorit\u00e9 de la population et de ses int\u00e9r\u00eats dans toute l\u2019Europe. L\u2019UE l\u2019a clairement d\u00e9montr\u00e9 sur l\u2019exemple du \u00abBrexit\u00bb \u00e9galement, lorsqu\u2019elle a tent\u00e9 par tous les moyens de d\u00e9fier la volont\u00e9 de la majorit\u00e9 des Britanniques en reportant le \u00abBrexit\u00bb et en appelant \u00e0 un nouveau r\u00e9f\u00e9rendum. Et la Grande-Bretagne est toujours une grande puissance, \u00e0 la fois en Europe et dans le monde, nous ne pouvons donc qu\u2019imaginer ce que serait la relation si une d\u00e9cision similaire \u00e9tait prise par un pays plus petit et moins influent de l\u2019UE.<\/p>\n\n\n\n<p><strong>Il est important de dire que l\u2019UE a une attitude extr\u00eamement hostile \u00e0 l\u2019\u00e9gard de la Serbie.<\/strong>&nbsp;L\u2019UE a \u00e9galement pris une part active \u00e0 la&nbsp;<strong>d\u00e9sint\u00e9gration<\/strong>&nbsp;de notre patrie socialiste de Yougoslavie, \u00e0 la prise violente du&nbsp;<strong>Kosovo<\/strong>&nbsp;et \u00e0 l\u2019imposition des pr\u00e9tendues n\u00e9gociations, c\u2019est-\u00e0-dire \u00e0 la reconnaissance de l\u2019ind\u00e9pendance du Kosovo par la Serbie.<\/p>\n\n\n\n<p>La Serbie est d\u00e9j\u00e0 largement&nbsp;<strong>d\u00e9pendante<\/strong>&nbsp;de l\u2019UE, les monopoles de l\u2019UE ont pris le contr\u00f4le de notre \u00e9conomie et l\u2019ont r\u00e9duite \u00e0 un statut mis\u00e9rable. L\u2019\u00e9mancipation envers ces monopoles est inali\u00e9nable de l\u2019objectif de d\u00e9viation de l\u2019int\u00e9gration de la Serbie dans l\u2019UE.<\/p>\n\n\n\n<p><strong>Nous sommes pour la coop\u00e9ration et l\u2019unit\u00e9 des nations et des \u00c9tats europ\u00e9ens, mais pas pour les int\u00e9r\u00eats imp\u00e9rialistes que l\u2019UE repr\u00e9sente, d\u00e9fend et met en \u0153uvre.<\/strong><\/p>\n\n\n\n<p><strong>5) Comment la crise du coronavirus affecte-t-elle la soci\u00e9t\u00e9 serbe et son \u00e9conomie?<\/strong><\/p>\n\n\n\n<p>L\u2019\u00e9pid\u00e9mie de coronavirus a profond\u00e9ment affect\u00e9 la soci\u00e9t\u00e9 et l\u2019\u00e9conomie de la Serbie. Elle a montr\u00e9 toutes les injustices et la situation sombre dans laquelle se trouve aujourd\u2019hui notre soci\u00e9t\u00e9.<\/p>\n\n\n\n<p>S\u2019il n\u2019y avait pas d\u2019aide de la&nbsp;<strong>Chine<\/strong>&nbsp;au d\u00e9but de l\u2019\u00e9pid\u00e9mie, les r\u00e9sultats seraient catastrophiques. C\u2019est parce que&nbsp;<strong>le syst\u00e8me de sant\u00e9<\/strong>&nbsp;en Serbie a \u00e9t\u00e9 compl\u00e8tement d\u00e9vast\u00e9 au cours des 20 \u00e0 30 derni\u00e8res ann\u00e9es. Notre syst\u00e8me de sant\u00e9 ne peut pas faire face \u00e0 des d\u00e9fis aussi &nbsp;petits soient- ils. La raison en est&nbsp;<strong>la privatisation<\/strong>&nbsp;du syst\u00e8me de sant\u00e9, le non-investissement dans ce secteur et l\u2019exode des cadres (m\u00e9decins, infirmi\u00e8res ). C\u2019est une vraie chance que nous n\u2019ayons pas beaucoup plus de morts, en ce moment, un total d\u2019environ&nbsp;<strong>500 personnes<\/strong>&nbsp;sont d\u00e9c\u00e9d\u00e9es des suites de ce coronavirus en Serbie.<\/p>\n\n\n\n<p>Bien que la Serbie soit pleinement int\u00e9gr\u00e9e dans l\u2019\u00e9conomie de march\u00e9 mondiale moderne et d\u00e9pend directement des flux de cette \u00e9conomie, la situation dans ce domaine est assez mauvaise, car dans la plupart des pays du monde, un grand nombre de personnes ont d\u00e9j\u00e0 perdu leur emploi dans de nombreux pays et dans de nombreux &nbsp;secteurs, mais une v\u00e9ritable catastrophe viendra en automne.<\/p>\n\n\n\n<p><strong>6) Comment qualifier l\u2019action du gouvernement face \u00e0 cette crise?<\/strong><\/p>\n\n\n\n<p><strong>L\u2019attitude du gouvernement a \u00e9t\u00e9 catastrophique, principalement envers les travailleurs, envers la classe ouvri\u00e8re<\/strong>. Les autorit\u00e9s n\u2019ont pas suspendu le travail de certaines entreprises lorsque l\u2019\u00e9pid\u00e9mie \u00e9tait \u00e0 son apog\u00e9e et que tout le reste \u00e9tait arr\u00eat\u00e9 ou bloqu\u00e9. Pour flatter les employeurs bourgeois, ils n\u2019ont rien fait pour prot\u00e9ger les ouvriers. De cette fa\u00e7on, le gouvernement bourgeois a montr\u00e9 qu\u2019ils sont au service du grand capital&nbsp; et leur permet des taux de profit \u00e9lev\u00e9s en exploitant les travailleurs, en m\u00eame temps que la sant\u00e9 des travailleurs des entreprises priv\u00e9es qui avait une obligation d\u2019aller travailler \u00e9tait en danger dans les conditions de propagation de l\u2019\u00e9pid\u00e9mie de coronavirus. Il y a eu des cas o\u00f9 des personnes ont \u00e9t\u00e9 infect\u00e9es dans leurs entreprises, mais m\u00eame dans ce cas, la production ne s\u2019est pas arr\u00eat\u00e9e.&nbsp;<strong>De plus, parall\u00e8lement \u00e0 cela, les autorit\u00e9s ont arr\u00eat\u00e9 des travailleurs qui se sont rebell\u00e9s et ont protest\u00e9 dans certaines entreprises.<\/strong><\/p>\n\n\n\n<p>Une autre des nombreuses erreurs des autorit\u00e9s dans la lutte pour enrayer le coronavirus est qu\u2019elle n\u2019a pas ordonn\u00e9 aux employeurs priv\u00e9s de ne pas licencier de travailleurs,&nbsp;<strong>de sorte que des milliers d\u2019entre eux ont perdu leur emploi et la possibilit\u00e9 de subvenir aux besoins de leurs familles&nbsp;<\/strong>pendant la crise dans laquelle l\u2019ensemble le monde s\u2019est retrouv\u00e9. Les m\u00e9canismes dont dispose le gouvernement pour cela sont nombreux, mais il n\u2019y a pas de volont\u00e9 politique pour cela.<\/p>\n\n\n\n<p>Le profit des employeurs priv\u00e9s ne devrait pas \u00eatre plus important que la sant\u00e9 et l\u2019existence des personnes qui vivent de leur travail et aucune excuse ne peut \u00eatre invoqu\u00e9e \u00e0 ce sujet.<\/p>\n\n\n\n<p><strong>7) Pourquoi les Serbes permettent-ils le r\u00e9visionnisme historique et la n\u00e9gation de leur pass\u00e9 communiste?<\/strong>&nbsp;(Monuments de Tito, Parti communiste de Yougoslavie, r\u00e9sistance des partisans\u2026 ..)<\/p>\n\n\n\n<p>Non, ce n\u2019est pas que le peuple serbe le permet, mais ce type de r\u00e9visionnisme historique s\u2019est mis en place &nbsp;progressivement, &nbsp;dans notre pays, depuis la&nbsp;<strong>restauration du capitalisme<\/strong>. De nombreux monuments sont toujours l\u00e0, mais la r\u00e9vision fondamentale de l\u2019histoire est en cours.&nbsp;<strong>Ce processus est men\u00e9 par la classe dirigeante dans le but d\u2019attaquer la conscience des gens, et nous pouvons dire que les plus attaqu\u00e9s sont peut-\u00eatre les jeunes qui sont la cat\u00e9gorie la plus vuln\u00e9rable de la soci\u00e9t\u00e9.<\/strong><\/p>\n\n\n\n<p>Nous contribuons \u00e0 la lutte contre ce r\u00e9visionnisme en&nbsp;<strong>\u00e9levant notre voix chaque fois que de nouvelles attaques dans ce domaine se produisent<\/strong>&nbsp;sous quelque forme que ce soit, mais aussi en marquant et c\u00e9l\u00e9brant syst\u00e9matiquement toutes les dates importantes et les personnages importants de notre riche tradition r\u00e9volutionnaire et antifasciste sous le slogan&nbsp;<strong>\u201cSe souvenir signifie lutter\u201d.<\/strong><\/p>\n\n\n\n<p><strong><em>Aleksandar Banjanac<\/em><\/strong><\/p>\n","protected":false},"excerpt":{"rendered":"<p>Interview with&nbsp;the&nbsp;General Secretary of the New Communist Party of Yugoslavia,&nbsp;Aleksandar Banjanac, Belgrade, Republic of Serbia By Alba Granada North Africa Coordination Belgrade, 24\/07\/2020 , Alba<\/p>\n","protected":false},"author":1,"featured_media":894,"comment_status":"closed","ping_status":"closed","sticky":false,"template":"","format":"standard","meta":{"footnotes":""},"categories":[7],"tags":[14,29],"class_list":["post-893","post","type-post","status-publish","format-standard","has-post-thumbnail","hentry","category-international","tag-internacionalizam","tag-solidarnost"],"yoast_head":"<!-- This site is optimized with the Yoast SEO plugin v27.4 - https:\/\/yoast.com\/product\/yoast-seo-wordpress\/ -->\n<title>(ENG\/FR) Interview with the General Secretary of the New Communist Party of Yugoslavia, Aleksandar Banjanac<\/title>\n<meta name=\"robots\" content=\"index, follow, max-snippet:-1, max-image-preview:large, max-video-preview:-1\" \/>\n<link rel=\"canonical\" href=\"https:\/\/nkpj.org.rs\/\u0107ir\/index.php\/2020\/08\/15\/eng-fr-interview-with-the-general-secretary-of-the-new-communist-party-of-yugoslavia-aleksandar-banjanac\/\" \/>\n<meta property=\"og:locale\" content=\"sr_RS\" \/>\n<meta property=\"og:type\" content=\"article\" \/>\n<meta property=\"og:title\" content=\"(ENG\/FR) Interview with the General Secretary of the New Communist Party of Yugoslavia, Aleksandar Banjanac\" \/>\n<meta property=\"og:description\" content=\"Interview with&nbsp;the&nbsp;General Secretary of the New Communist Party of Yugoslavia,&nbsp;Aleksandar Banjanac, Belgrade, Republic of Serbia By Alba Granada North Africa Coordination Belgrade, 24\/07\/2020 , Alba\" \/>\n<meta property=\"og:url\" content=\"https:\/\/nkpj.org.rs\/\u0107ir\/index.php\/2020\/08\/15\/eng-fr-interview-with-the-general-secretary-of-the-new-communist-party-of-yugoslavia-aleksandar-banjanac\/\" \/>\n<meta property=\"og:site_name\" content=\"\u041d\u041a\u041f\u0408\" \/>\n<meta property=\"article:published_time\" content=\"2020-08-15T13:25:24+00:00\" \/>\n<meta property=\"article:modified_time\" content=\"2020-08-15T13:25:27+00:00\" \/>\n<meta property=\"og:image\" content=\"https:\/\/nkpj.org.rs\/%C4%87ir\/wp-content\/uploads\/2020\/08\/Posted-by-INTERNATIONALIST-360\u00b0-on-JULY-26-2020.jpg\" \/>\n\t<meta property=\"og:image:width\" content=\"1140\" \/>\n\t<meta property=\"og:image:height\" content=\"668\" \/>\n\t<meta property=\"og:image:type\" content=\"image\/jpeg\" \/>\n<meta name=\"author\" content=\"nkpj1\" \/>\n<meta name=\"twitter:card\" content=\"summary_large_image\" \/>\n<meta name=\"twitter:label1\" content=\"Napisano od\" \/>\n\t<meta name=\"twitter:data1\" content=\"nkpj1\" \/>\n\t<meta name=\"twitter:label2\" content=\"Procenjeno vreme \u010ditanja\" \/>\n\t<meta name=\"twitter:data2\" content=\"18 minuta\" \/>\n<script type=\"application\/ld+json\" class=\"yoast-schema-graph\">{\"@context\":\"https:\\\/\\\/schema.org\",\"@graph\":[{\"@type\":\"Article\",\"@id\":\"https:\\\/\\\/nkpj.org.rs\\\/%C4%87ir\\\/index.php\\\/2020\\\/08\\\/15\\\/eng-fr-interview-with-the-general-secretary-of-the-new-communist-party-of-yugoslavia-aleksandar-banjanac\\\/#article\",\"isPartOf\":{\"@id\":\"https:\\\/\\\/nkpj.org.rs\\\/%C4%87ir\\\/index.php\\\/2020\\\/08\\\/15\\\/eng-fr-interview-with-the-general-secretary-of-the-new-communist-party-of-yugoslavia-aleksandar-banjanac\\\/\"},\"author\":{\"name\":\"nkpj1\",\"@id\":\"https:\\\/\\\/nkpj.org.rs\\\/%C4%87ir\\\/#\\\/schema\\\/person\\\/b4be500b8999b23daca79ecc66e2f6ae\"},\"headline\":\"(ENG\\\/FR) Interview with the General Secretary of the New Communist Party of Yugoslavia, Aleksandar Banjanac\",\"datePublished\":\"2020-08-15T13:25:24+00:00\",\"dateModified\":\"2020-08-15T13:25:27+00:00\",\"mainEntityOfPage\":{\"@id\":\"https:\\\/\\\/nkpj.org.rs\\\/%C4%87ir\\\/index.php\\\/2020\\\/08\\\/15\\\/eng-fr-interview-with-the-general-secretary-of-the-new-communist-party-of-yugoslavia-aleksandar-banjanac\\\/\"},\"wordCount\":3657,\"publisher\":{\"@id\":\"https:\\\/\\\/nkpj.org.rs\\\/%C4%87ir\\\/#organization\"},\"image\":{\"@id\":\"https:\\\/\\\/nkpj.org.rs\\\/%C4%87ir\\\/index.php\\\/2020\\\/08\\\/15\\\/eng-fr-interview-with-the-general-secretary-of-the-new-communist-party-of-yugoslavia-aleksandar-banjanac\\\/#primaryimage\"},\"thumbnailUrl\":\"https:\\\/\\\/nkpj.org.rs\\\/%C4%87ir\\\/wp-content\\\/uploads\\\/2020\\\/08\\\/Posted-by-INTERNATIONALIST-360\u00b0-on-JULY-26-2020.jpg\",\"keywords\":[\"\u0438\u043d\u0442\u0435\u0440\u043d\u0430\u0446\u0438\u043e\u043d\u0430\u043b\u0438\u0437\u0430\u043c\",\"\u0441\u043e\u043b\u0438\u0434\u0430\u0440\u043d\u043e\u0441\u0442\"],\"articleSection\":[\"International\"],\"inLanguage\":\"sr-RS\"},{\"@type\":\"WebPage\",\"@id\":\"https:\\\/\\\/nkpj.org.rs\\\/%C4%87ir\\\/index.php\\\/2020\\\/08\\\/15\\\/eng-fr-interview-with-the-general-secretary-of-the-new-communist-party-of-yugoslavia-aleksandar-banjanac\\\/\",\"url\":\"https:\\\/\\\/nkpj.org.rs\\\/%C4%87ir\\\/index.php\\\/2020\\\/08\\\/15\\\/eng-fr-interview-with-the-general-secretary-of-the-new-communist-party-of-yugoslavia-aleksandar-banjanac\\\/\",\"name\":\"(ENG\\\/FR) Interview with the General Secretary of the New Communist Party of Yugoslavia, Aleksandar Banjanac\",\"isPartOf\":{\"@id\":\"https:\\\/\\\/nkpj.org.rs\\\/%C4%87ir\\\/#website\"},\"primaryImageOfPage\":{\"@id\":\"https:\\\/\\\/nkpj.org.rs\\\/%C4%87ir\\\/index.php\\\/2020\\\/08\\\/15\\\/eng-fr-interview-with-the-general-secretary-of-the-new-communist-party-of-yugoslavia-aleksandar-banjanac\\\/#primaryimage\"},\"image\":{\"@id\":\"https:\\\/\\\/nkpj.org.rs\\\/%C4%87ir\\\/index.php\\\/2020\\\/08\\\/15\\\/eng-fr-interview-with-the-general-secretary-of-the-new-communist-party-of-yugoslavia-aleksandar-banjanac\\\/#primaryimage\"},\"thumbnailUrl\":\"https:\\\/\\\/nkpj.org.rs\\\/%C4%87ir\\\/wp-content\\\/uploads\\\/2020\\\/08\\\/Posted-by-INTERNATIONALIST-360\u00b0-on-JULY-26-2020.jpg\",\"datePublished\":\"2020-08-15T13:25:24+00:00\",\"dateModified\":\"2020-08-15T13:25:27+00:00\",\"breadcrumb\":{\"@id\":\"https:\\\/\\\/nkpj.org.rs\\\/%C4%87ir\\\/index.php\\\/2020\\\/08\\\/15\\\/eng-fr-interview-with-the-general-secretary-of-the-new-communist-party-of-yugoslavia-aleksandar-banjanac\\\/#breadcrumb\"},\"inLanguage\":\"sr-RS\",\"potentialAction\":[{\"@type\":\"ReadAction\",\"target\":[\"https:\\\/\\\/nkpj.org.rs\\\/%C4%87ir\\\/index.php\\\/2020\\\/08\\\/15\\\/eng-fr-interview-with-the-general-secretary-of-the-new-communist-party-of-yugoslavia-aleksandar-banjanac\\\/\"]}]},{\"@type\":\"ImageObject\",\"inLanguage\":\"sr-RS\",\"@id\":\"https:\\\/\\\/nkpj.org.rs\\\/%C4%87ir\\\/index.php\\\/2020\\\/08\\\/15\\\/eng-fr-interview-with-the-general-secretary-of-the-new-communist-party-of-yugoslavia-aleksandar-banjanac\\\/#primaryimage\",\"url\":\"https:\\\/\\\/nkpj.org.rs\\\/%C4%87ir\\\/wp-content\\\/uploads\\\/2020\\\/08\\\/Posted-by-INTERNATIONALIST-360\u00b0-on-JULY-26-2020.jpg\",\"contentUrl\":\"https:\\\/\\\/nkpj.org.rs\\\/%C4%87ir\\\/wp-content\\\/uploads\\\/2020\\\/08\\\/Posted-by-INTERNATIONALIST-360\u00b0-on-JULY-26-2020.jpg\",\"width\":1140,\"height\":668},{\"@type\":\"BreadcrumbList\",\"@id\":\"https:\\\/\\\/nkpj.org.rs\\\/%C4%87ir\\\/index.php\\\/2020\\\/08\\\/15\\\/eng-fr-interview-with-the-general-secretary-of-the-new-communist-party-of-yugoslavia-aleksandar-banjanac\\\/#breadcrumb\",\"itemListElement\":[{\"@type\":\"ListItem\",\"position\":1,\"name\":\"Po\u010detna\",\"item\":\"https:\\\/\\\/nkpj.org.rs\\\/%C4%87ir\\\/\"},{\"@type\":\"ListItem\",\"position\":2,\"name\":\"(ENG\\\/FR) Interview with the General Secretary of the New Communist Party of Yugoslavia, Aleksandar Banjanac\"}]},{\"@type\":\"WebSite\",\"@id\":\"https:\\\/\\\/nkpj.org.rs\\\/%C4%87ir\\\/#website\",\"url\":\"https:\\\/\\\/nkpj.org.rs\\\/%C4%87ir\\\/\",\"name\":\"\u041d\u041a\u041f\u0408\",\"description\":\"\",\"publisher\":{\"@id\":\"https:\\\/\\\/nkpj.org.rs\\\/%C4%87ir\\\/#organization\"},\"potentialAction\":[{\"@type\":\"SearchAction\",\"target\":{\"@type\":\"EntryPoint\",\"urlTemplate\":\"https:\\\/\\\/nkpj.org.rs\\\/%C4%87ir\\\/?s={search_term_string}\"},\"query-input\":{\"@type\":\"PropertyValueSpecification\",\"valueRequired\":true,\"valueName\":\"search_term_string\"}}],\"inLanguage\":\"sr-RS\"},{\"@type\":\"Organization\",\"@id\":\"https:\\\/\\\/nkpj.org.rs\\\/%C4%87ir\\\/#organization\",\"name\":\"\u041d\u041a\u041f\u0408\",\"url\":\"https:\\\/\\\/nkpj.org.rs\\\/%C4%87ir\\\/\",\"logo\":{\"@type\":\"ImageObject\",\"inLanguage\":\"sr-RS\",\"@id\":\"https:\\\/\\\/nkpj.org.rs\\\/%C4%87ir\\\/#\\\/schema\\\/logo\\\/image\\\/\",\"url\":\"http:\\\/\\\/nkpj.org.rs\\\/%C4%87ir\\\/wp-content\\\/uploads\\\/2020\\\/03\\\/96D3618A-696C-4FB6-B5C9-C21E9553E1E6.png\",\"contentUrl\":\"http:\\\/\\\/nkpj.org.rs\\\/%C4%87ir\\\/wp-content\\\/uploads\\\/2020\\\/03\\\/96D3618A-696C-4FB6-B5C9-C21E9553E1E6.png\",\"width\":150,\"height\":149,\"caption\":\"\u041d\u041a\u041f\u0408\"},\"image\":{\"@id\":\"https:\\\/\\\/nkpj.org.rs\\\/%C4%87ir\\\/#\\\/schema\\\/logo\\\/image\\\/\"}},{\"@type\":\"Person\",\"@id\":\"https:\\\/\\\/nkpj.org.rs\\\/%C4%87ir\\\/#\\\/schema\\\/person\\\/b4be500b8999b23daca79ecc66e2f6ae\",\"name\":\"nkpj1\",\"image\":{\"@type\":\"ImageObject\",\"inLanguage\":\"sr-RS\",\"@id\":\"https:\\\/\\\/secure.gravatar.com\\\/avatar\\\/41e5a68c536ee49fcd3425734011790cb3e366fe01dc54c7a98d1905b60b0a3a?s=96&d=mm&r=g\",\"url\":\"https:\\\/\\\/secure.gravatar.com\\\/avatar\\\/41e5a68c536ee49fcd3425734011790cb3e366fe01dc54c7a98d1905b60b0a3a?s=96&d=mm&r=g\",\"contentUrl\":\"https:\\\/\\\/secure.gravatar.com\\\/avatar\\\/41e5a68c536ee49fcd3425734011790cb3e366fe01dc54c7a98d1905b60b0a3a?s=96&d=mm&r=g\",\"caption\":\"nkpj1\"},\"url\":\"https:\\\/\\\/nkpj.org.rs\\\/%C4%87ir\\\/index.php\\\/author\\\/nkpj1\\\/\"}]}<\/script>\n<!-- \/ Yoast SEO plugin. -->","yoast_head_json":{"title":"(ENG\/FR) Interview with the General Secretary of the New Communist Party of Yugoslavia, Aleksandar Banjanac","robots":{"index":"index","follow":"follow","max-snippet":"max-snippet:-1","max-image-preview":"max-image-preview:large","max-video-preview":"max-video-preview:-1"},"canonical":"https:\/\/nkpj.org.rs\/\u0107ir\/index.php\/2020\/08\/15\/eng-fr-interview-with-the-general-secretary-of-the-new-communist-party-of-yugoslavia-aleksandar-banjanac\/","og_locale":"sr_RS","og_type":"article","og_title":"(ENG\/FR) Interview with the General Secretary of the New Communist Party of Yugoslavia, Aleksandar Banjanac","og_description":"Interview with&nbsp;the&nbsp;General Secretary of the New Communist Party of Yugoslavia,&nbsp;Aleksandar Banjanac, Belgrade, Republic of Serbia By Alba Granada North Africa Coordination Belgrade, 24\/07\/2020 , Alba","og_url":"https:\/\/nkpj.org.rs\/\u0107ir\/index.php\/2020\/08\/15\/eng-fr-interview-with-the-general-secretary-of-the-new-communist-party-of-yugoslavia-aleksandar-banjanac\/","og_site_name":"\u041d\u041a\u041f\u0408","article_published_time":"2020-08-15T13:25:24+00:00","article_modified_time":"2020-08-15T13:25:27+00:00","og_image":[{"width":1140,"height":668,"url":"https:\/\/nkpj.org.rs\/%C4%87ir\/wp-content\/uploads\/2020\/08\/Posted-by-INTERNATIONALIST-360\u00b0-on-JULY-26-2020.jpg","type":"image\/jpeg"}],"author":"nkpj1","twitter_card":"summary_large_image","twitter_misc":{"Napisano od":"nkpj1","Procenjeno vreme \u010ditanja":"18 minuta"},"schema":{"@context":"https:\/\/schema.org","@graph":[{"@type":"Article","@id":"https:\/\/nkpj.org.rs\/%C4%87ir\/index.php\/2020\/08\/15\/eng-fr-interview-with-the-general-secretary-of-the-new-communist-party-of-yugoslavia-aleksandar-banjanac\/#article","isPartOf":{"@id":"https:\/\/nkpj.org.rs\/%C4%87ir\/index.php\/2020\/08\/15\/eng-fr-interview-with-the-general-secretary-of-the-new-communist-party-of-yugoslavia-aleksandar-banjanac\/"},"author":{"name":"nkpj1","@id":"https:\/\/nkpj.org.rs\/%C4%87ir\/#\/schema\/person\/b4be500b8999b23daca79ecc66e2f6ae"},"headline":"(ENG\/FR) Interview with the General Secretary of the New Communist Party of Yugoslavia, Aleksandar Banjanac","datePublished":"2020-08-15T13:25:24+00:00","dateModified":"2020-08-15T13:25:27+00:00","mainEntityOfPage":{"@id":"https:\/\/nkpj.org.rs\/%C4%87ir\/index.php\/2020\/08\/15\/eng-fr-interview-with-the-general-secretary-of-the-new-communist-party-of-yugoslavia-aleksandar-banjanac\/"},"wordCount":3657,"publisher":{"@id":"https:\/\/nkpj.org.rs\/%C4%87ir\/#organization"},"image":{"@id":"https:\/\/nkpj.org.rs\/%C4%87ir\/index.php\/2020\/08\/15\/eng-fr-interview-with-the-general-secretary-of-the-new-communist-party-of-yugoslavia-aleksandar-banjanac\/#primaryimage"},"thumbnailUrl":"https:\/\/nkpj.org.rs\/%C4%87ir\/wp-content\/uploads\/2020\/08\/Posted-by-INTERNATIONALIST-360\u00b0-on-JULY-26-2020.jpg","keywords":["\u0438\u043d\u0442\u0435\u0440\u043d\u0430\u0446\u0438\u043e\u043d\u0430\u043b\u0438\u0437\u0430\u043c","\u0441\u043e\u043b\u0438\u0434\u0430\u0440\u043d\u043e\u0441\u0442"],"articleSection":["International"],"inLanguage":"sr-RS"},{"@type":"WebPage","@id":"https:\/\/nkpj.org.rs\/%C4%87ir\/index.php\/2020\/08\/15\/eng-fr-interview-with-the-general-secretary-of-the-new-communist-party-of-yugoslavia-aleksandar-banjanac\/","url":"https:\/\/nkpj.org.rs\/%C4%87ir\/index.php\/2020\/08\/15\/eng-fr-interview-with-the-general-secretary-of-the-new-communist-party-of-yugoslavia-aleksandar-banjanac\/","name":"(ENG\/FR) Interview with the General Secretary of the New Communist Party of Yugoslavia, Aleksandar Banjanac","isPartOf":{"@id":"https:\/\/nkpj.org.rs\/%C4%87ir\/#website"},"primaryImageOfPage":{"@id":"https:\/\/nkpj.org.rs\/%C4%87ir\/index.php\/2020\/08\/15\/eng-fr-interview-with-the-general-secretary-of-the-new-communist-party-of-yugoslavia-aleksandar-banjanac\/#primaryimage"},"image":{"@id":"https:\/\/nkpj.org.rs\/%C4%87ir\/index.php\/2020\/08\/15\/eng-fr-interview-with-the-general-secretary-of-the-new-communist-party-of-yugoslavia-aleksandar-banjanac\/#primaryimage"},"thumbnailUrl":"https:\/\/nkpj.org.rs\/%C4%87ir\/wp-content\/uploads\/2020\/08\/Posted-by-INTERNATIONALIST-360\u00b0-on-JULY-26-2020.jpg","datePublished":"2020-08-15T13:25:24+00:00","dateModified":"2020-08-15T13:25:27+00:00","breadcrumb":{"@id":"https:\/\/nkpj.org.rs\/%C4%87ir\/index.php\/2020\/08\/15\/eng-fr-interview-with-the-general-secretary-of-the-new-communist-party-of-yugoslavia-aleksandar-banjanac\/#breadcrumb"},"inLanguage":"sr-RS","potentialAction":[{"@type":"ReadAction","target":["https:\/\/nkpj.org.rs\/%C4%87ir\/index.php\/2020\/08\/15\/eng-fr-interview-with-the-general-secretary-of-the-new-communist-party-of-yugoslavia-aleksandar-banjanac\/"]}]},{"@type":"ImageObject","inLanguage":"sr-RS","@id":"https:\/\/nkpj.org.rs\/%C4%87ir\/index.php\/2020\/08\/15\/eng-fr-interview-with-the-general-secretary-of-the-new-communist-party-of-yugoslavia-aleksandar-banjanac\/#primaryimage","url":"https:\/\/nkpj.org.rs\/%C4%87ir\/wp-content\/uploads\/2020\/08\/Posted-by-INTERNATIONALIST-360\u00b0-on-JULY-26-2020.jpg","contentUrl":"https:\/\/nkpj.org.rs\/%C4%87ir\/wp-content\/uploads\/2020\/08\/Posted-by-INTERNATIONALIST-360\u00b0-on-JULY-26-2020.jpg","width":1140,"height":668},{"@type":"BreadcrumbList","@id":"https:\/\/nkpj.org.rs\/%C4%87ir\/index.php\/2020\/08\/15\/eng-fr-interview-with-the-general-secretary-of-the-new-communist-party-of-yugoslavia-aleksandar-banjanac\/#breadcrumb","itemListElement":[{"@type":"ListItem","position":1,"name":"Po\u010detna","item":"https:\/\/nkpj.org.rs\/%C4%87ir\/"},{"@type":"ListItem","position":2,"name":"(ENG\/FR) Interview with the General Secretary of the New Communist Party of Yugoslavia, Aleksandar Banjanac"}]},{"@type":"WebSite","@id":"https:\/\/nkpj.org.rs\/%C4%87ir\/#website","url":"https:\/\/nkpj.org.rs\/%C4%87ir\/","name":"\u041d\u041a\u041f\u0408","description":"","publisher":{"@id":"https:\/\/nkpj.org.rs\/%C4%87ir\/#organization"},"potentialAction":[{"@type":"SearchAction","target":{"@type":"EntryPoint","urlTemplate":"https:\/\/nkpj.org.rs\/%C4%87ir\/?s={search_term_string}"},"query-input":{"@type":"PropertyValueSpecification","valueRequired":true,"valueName":"search_term_string"}}],"inLanguage":"sr-RS"},{"@type":"Organization","@id":"https:\/\/nkpj.org.rs\/%C4%87ir\/#organization","name":"\u041d\u041a\u041f\u0408","url":"https:\/\/nkpj.org.rs\/%C4%87ir\/","logo":{"@type":"ImageObject","inLanguage":"sr-RS","@id":"https:\/\/nkpj.org.rs\/%C4%87ir\/#\/schema\/logo\/image\/","url":"http:\/\/nkpj.org.rs\/%C4%87ir\/wp-content\/uploads\/2020\/03\/96D3618A-696C-4FB6-B5C9-C21E9553E1E6.png","contentUrl":"http:\/\/nkpj.org.rs\/%C4%87ir\/wp-content\/uploads\/2020\/03\/96D3618A-696C-4FB6-B5C9-C21E9553E1E6.png","width":150,"height":149,"caption":"\u041d\u041a\u041f\u0408"},"image":{"@id":"https:\/\/nkpj.org.rs\/%C4%87ir\/#\/schema\/logo\/image\/"}},{"@type":"Person","@id":"https:\/\/nkpj.org.rs\/%C4%87ir\/#\/schema\/person\/b4be500b8999b23daca79ecc66e2f6ae","name":"nkpj1","image":{"@type":"ImageObject","inLanguage":"sr-RS","@id":"https:\/\/secure.gravatar.com\/avatar\/41e5a68c536ee49fcd3425734011790cb3e366fe01dc54c7a98d1905b60b0a3a?s=96&d=mm&r=g","url":"https:\/\/secure.gravatar.com\/avatar\/41e5a68c536ee49fcd3425734011790cb3e366fe01dc54c7a98d1905b60b0a3a?s=96&d=mm&r=g","contentUrl":"https:\/\/secure.gravatar.com\/avatar\/41e5a68c536ee49fcd3425734011790cb3e366fe01dc54c7a98d1905b60b0a3a?s=96&d=mm&r=g","caption":"nkpj1"},"url":"https:\/\/nkpj.org.rs\/%C4%87ir\/index.php\/author\/nkpj1\/"}]}},"_links":{"self":[{"href":"https:\/\/nkpj.org.rs\/%C4%87ir\/index.php\/wp-json\/wp\/v2\/posts\/893","targetHints":{"allow":["GET"]}}],"collection":[{"href":"https:\/\/nkpj.org.rs\/%C4%87ir\/index.php\/wp-json\/wp\/v2\/posts"}],"about":[{"href":"https:\/\/nkpj.org.rs\/%C4%87ir\/index.php\/wp-json\/wp\/v2\/types\/post"}],"author":[{"embeddable":true,"href":"https:\/\/nkpj.org.rs\/%C4%87ir\/index.php\/wp-json\/wp\/v2\/users\/1"}],"replies":[{"embeddable":true,"href":"https:\/\/nkpj.org.rs\/%C4%87ir\/index.php\/wp-json\/wp\/v2\/comments?post=893"}],"version-history":[{"count":1,"href":"https:\/\/nkpj.org.rs\/%C4%87ir\/index.php\/wp-json\/wp\/v2\/posts\/893\/revisions"}],"predecessor-version":[{"id":895,"href":"https:\/\/nkpj.org.rs\/%C4%87ir\/index.php\/wp-json\/wp\/v2\/posts\/893\/revisions\/895"}],"wp:featuredmedia":[{"embeddable":true,"href":"https:\/\/nkpj.org.rs\/%C4%87ir\/index.php\/wp-json\/wp\/v2\/media\/894"}],"wp:attachment":[{"href":"https:\/\/nkpj.org.rs\/%C4%87ir\/index.php\/wp-json\/wp\/v2\/media?parent=893"}],"wp:term":[{"taxonomy":"category","embeddable":true,"href":"https:\/\/nkpj.org.rs\/%C4%87ir\/index.php\/wp-json\/wp\/v2\/categories?post=893"},{"taxonomy":"post_tag","embeddable":true,"href":"https:\/\/nkpj.org.rs\/%C4%87ir\/index.php\/wp-json\/wp\/v2\/tags?post=893"}],"curies":[{"name":"wp","href":"https:\/\/api.w.org\/{rel}","templated":true}]}}